{"id":990,"date":"2022-06-29T08:18:55","date_gmt":"2022-06-29T08:18:55","guid":{"rendered":"https:\/\/mittelschule-dlg.webdesign-schwaben.de\/?p=990"},"modified":"2022-06-29T08:21:44","modified_gmt":"2022-06-29T08:21:44","slug":"lesestunde-einmal-anders","status":"publish","type":"post","link":"https:\/\/jsm-dillingen.de\/index.php\/2022\/06\/29\/lesestunde-einmal-anders\/","title":{"rendered":"Lesestunde einmal anders"},"content":{"rendered":"<p>[et_pb_section fb_built=&#8220;1&#8243; _builder_version=&#8220;4.16&#8243; _module_preset=&#8220;default&#8220; custom_padding=&#8220;||44px|||&#8220; global_colors_info=&#8220;{}&#8220;][et_pb_row _builder_version=&#8220;4.16&#8243; _module_preset=&#8220;default&#8220; global_colors_info=&#8220;{}&#8220;][et_pb_column type=&#8220;4_4&#8243; _builder_version=&#8220;4.16&#8243; _module_preset=&#8220;default&#8220; global_colors_info=&#8220;{}&#8220;][et_pb_text _builder_version=&#8220;4.17.3&#8243; _module_preset=&#8220;default&#8220; text_font=&#8220;Amiko||||||||&#8220; header_font=&#8220;Amiko||||||||&#8220; header_2_font=&#8220;Amiko||||||||&#8220; header_3_font=&#8220;Amiko||||||||&#8220; header_4_font=&#8220;Amiko||||||||&#8220; global_colors_info=&#8220;{}&#8220;]<\/p>\n<h3>Sarah J\u00e4ger liest aus ihrem Roman \u201cNach vorn nach S\u00fcden\u201d<\/h3>\n<p>[\/et_pb_text][\/et_pb_column][\/et_pb_row][et_pb_row column_structure=&#8220;2_3,1_3&#8243; _builder_version=&#8220;4.16&#8243; _module_preset=&#8220;default&#8220; global_colors_info=&#8220;{}&#8220;][et_pb_column type=&#8220;2_3&#8243; _builder_version=&#8220;4.16&#8243; _module_preset=&#8220;default&#8220; global_colors_info=&#8220;{}&#8220;][et_pb_text _builder_version=&#8220;4.17.3&#8243; _module_preset=&#8220;default&#8220; global_colors_info=&#8220;{}&#8220;]<\/p>\n<p>Nachdem Ausfl\u00fcge nach und nach wieder m\u00f6glich wurden, machten sich die 9. Klassen auf einen Kurztrip in die Dillinger B\u00fccherei auf, um an einer Autorenlesung teilzunehmen. Sarah J\u00e4ger stellte dabei ihren neuen Jugendroman \u201cNach vorn nach S\u00fcden\u201d vor.<\/p>\n<p>Zun\u00e4chst gab sie einen Einblick \u00fcber die Ausgangssituation des Buches und stellte die wichtigsten Personen darin vor. Anschlie\u00dfend las sie einzelne Teile vor und erl\u00e4uterte dabei auch immer Hintergrundinformationen, nicht nur zu dem Buch, sondern auch zu ihrer Person und T\u00e4tigkeit. Die Sch\u00fclerinnen und Sch\u00fcler wurden freilich auch eingebunden und beteiligten sich mit regen Fragen. Dar\u00fcber hinaus Stellte J\u00e4ger kleinere Aufgaben und verhalf ihrem Publikum selbst in die Rolle eines Autors zu schl\u00fcpfen.<\/p>\n<p>F\u00fcr alle beteiligten war es eine willkommene Abwechslung und eine einmalige Gelegenheit eine Autorin leibhaftig zu erleben. Und wer wei\u00df: vielleicht sa\u00df der n\u00e4chste Erfolgsautor bereits unter den gebannt lauschenden Sch\u00fclerinnen und Sch\u00fclern.<\/p>\n<p>[\/et_pb_text][\/et_pb_column][et_pb_column type=&#8220;1_3&#8243; _builder_version=&#8220;4.16&#8243; _module_preset=&#8220;default&#8220; global_colors_info=&#8220;{}&#8220;][et_pb_image src=&#8220;https:\/\/jsm-dillingen.de\/wp-content\/uploads\/2022\/06\/IMG_20211115_095314.jpg&#8220; title_text=&#8220;IMG_20211115_095314&#8243; _builder_version=&#8220;4.17.3&#8243; _module_preset=&#8220;default&#8220; global_colors_info=&#8220;{}&#8220; custom_margin=&#8220;65px|||||&#8220;][\/et_pb_image][\/et_pb_column][\/et_pb_row][et_pb_row column_structure=&#8220;1_2,1_2&#8243; _builder_version=&#8220;4.17.3&#8243; _module_preset=&#8220;default&#8220; hover_enabled=&#8220;0&#8243; global_colors_info=&#8220;{}&#8220; sticky_enabled=&#8220;0&#8243;][et_pb_column type=&#8220;1_2&#8243; _builder_version=&#8220;4.16&#8243; _module_preset=&#8220;default&#8220; global_colors_info=&#8220;{}&#8220;][et_pb_image src=&#8220;https:\/\/jsm-dillingen.de\/wp-content\/uploads\/2022\/06\/IMG_20211115_095253.jpg&#8220; _builder_version=&#8220;4.17.3&#8243; _module_preset=&#8220;default&#8220; title_text=&#8220;IMG_20211115_095253&#8243; hover_enabled=&#8220;0&#8243; sticky_enabled=&#8220;0&#8243;][\/et_pb_image][\/et_pb_column][et_pb_column type=&#8220;1_2&#8243; _builder_version=&#8220;4.16&#8243; _module_preset=&#8220;default&#8220; global_colors_info=&#8220;{}&#8220;][et_pb_image src=&#8220;https:\/\/jsm-dillingen.de\/wp-content\/uploads\/2022\/06\/IMG_20211115_095343.jpg&#8220; title_text=&#8220;IMG_20211115_095343&#8243; _builder_version=&#8220;4.17.3&#8243; _module_preset=&#8220;default&#8220; hover_enabled=&#8220;0&#8243; global_colors_info=&#8220;{}&#8220; sticky_enabled=&#8220;0&#8243;][\/et_pb_image][\/et_pb_column][\/et_pb_row][\/et_pb_section]<\/p>\n","protected":false},"excerpt":{"rendered":"<p>Sarah J\u00e4ger liest aus ihrem Roman \u201cNach vorn nach S\u00fcden\u201dNachdem Ausfl\u00fcge nach und nach wieder m\u00f6glich wurden, machten sich die 9. Klassen auf einen Kurztrip in die Dillinger B\u00fccherei auf, um an einer Autorenlesung teilzunehmen. Sarah J\u00e4ger stellte dabei ihren neuen Jugendroman \u201cNach vorn nach S\u00fcden\u201d vor. Zun\u00e4chst gab sie einen Einblick \u00fcber die Ausgangssituation [&hellip;]<\/p>\n","protected":false},"author":2,"featured_media":994,"comment_status":"open","ping_status":"closed","sticky":false,"template":"","format":"standard","meta":{"_et_pb_use_builder":"on","_et_pb_old_content":"","_et_gb_content_width":""},"categories":[52,62,61],"tags":[],"_links":{"self":[{"href":"https:\/\/jsm-dillingen.de\/index.php\/wp-json\/wp\/v2\/posts\/990"}],"collection":[{"href":"https:\/\/jsm-dillingen.de\/index.php\/wp-json\/wp\/v2\/posts"}],"about":[{"href":"https:\/\/jsm-dillingen.de\/index.php\/wp-json\/wp\/v2\/types\/post"}],"author":[{"embeddable":true,"href":"https:\/\/jsm-dillingen.de\/index.php\/wp-json\/wp\/v2\/users\/2"}],"replies":[{"embeddable":true,"href":"https:\/\/jsm-dillingen.de\/index.php\/wp-json\/wp\/v2\/comments?post=990"}],"version-history":[{"count":3,"href":"https:\/\/jsm-dillingen.de\/index.php\/wp-json\/wp\/v2\/posts\/990\/revisions"}],"predecessor-version":[{"id":999,"href":"https:\/\/jsm-dillingen.de\/index.php\/wp-json\/wp\/v2\/posts\/990\/revisions\/999"}],"wp:featuredmedia":[{"embeddable":true,"href":"https:\/\/jsm-dillingen.de\/index.php\/wp-json\/wp\/v2\/media\/994"}],"wp:attachment":[{"href":"https:\/\/jsm-dillingen.de\/index.php\/wp-json\/wp\/v2\/media?parent=990"}],"wp:term":[{"taxonomy":"category","embeddable":true,"href":"https:\/\/jsm-dillingen.de\/index.php\/wp-json\/wp\/v2\/categories?post=990"},{"taxonomy":"post_tag","embeddable":true,"href":"https:\/\/jsm-dillingen.de\/index.php\/wp-json\/wp\/v2\/tags?post=990"}],"curies":[{"name":"wp","href":"https:\/\/api.w.org\/{rel}","templated":true}]}}