{"id":904,"date":"2022-06-27T07:25:18","date_gmt":"2022-06-27T07:25:18","guid":{"rendered":"https:\/\/mittelschule-dlg.webdesign-schwaben.de\/?p=904"},"modified":"2022-06-28T07:50:26","modified_gmt":"2022-06-28T07:50:26","slug":"kultusminister-piazolo-besucht-unsere-mittelschule","status":"publish","type":"post","link":"https:\/\/jsm-dillingen.de\/index.php\/2022\/06\/27\/kultusminister-piazolo-besucht-unsere-mittelschule\/","title":{"rendered":"Kultusminister Piazolo besucht unsere Mittelschule"},"content":{"rendered":"<p>[et_pb_section fb_built=&#8220;1&#8243; _builder_version=&#8220;4.16&#8243; _module_preset=&#8220;default&#8220; custom_padding=&#8220;||44px|||&#8220; global_colors_info=&#8220;{}&#8220;][et_pb_row column_structure=&#8220;3_5,2_5&#8243; _builder_version=&#8220;4.17.3&#8243; _module_preset=&#8220;default&#8220; hover_enabled=&#8220;0&#8243; global_colors_info=&#8220;{}&#8220; sticky_enabled=&#8220;0&#8243;][et_pb_column type=&#8220;3_5&#8243; _builder_version=&#8220;4.16&#8243; _module_preset=&#8220;default&#8220; global_colors_info=&#8220;{}&#8220;][et_pb_text _builder_version=&#8220;4.17.3&#8243; _module_preset=&#8220;default&#8220; global_colors_info=&#8220;{}&#8220;]<\/p>\n<p><b>STAATSMINISTER PIAZOLO IN DILLINGEN AN DER JOSEF-ANTON-SCHNELLER-MITTELSCHULE<\/b><\/p>\n<p>Die Corona-Pandemie hatte es eine Zeitlang verhindert, doch am 14. Juni war es endlich soweit. Auf meine Einladung hin erwies Kultusminister Prof. Dr. Michael Piazolo der Josef-Anton-Schneller-Mittelschule die Ehre. Er konnte bei seinem Besuch auf beeindruckende Weise sehen, wie vielf\u00e4ltig und intensiv an der Mittelschule die berufliche Bildung, bekanntlich ein wichtiges politisches Anliegen von mir, vermittelt wird.<\/p>\n<p>Bei der Ankunft gab es einen warmen Spalierempfang durch zahlreiche Sch\u00fclerinnen und Sch\u00fcler. Nach den Gru\u00dfworten von Oberb\u00fcrgermeister Frank Kunz und mir sowie einer Einf\u00fchrung des r\u00fchrigen Rektors Markus Reutter wurde von einigen Sch\u00fclern kurzweilig die Berufsorientierung an ihrer Schule anhand von zahlreichen Beispielen erl\u00e4utert. Danach wurde das Schulprofil erkl\u00e4rt und es gab einen virtuellen Rundgang durch den Neubau.<\/p>\n<p>Den zeitlich gr\u00f6\u00dften Teil des Programms nahm die abschlie\u00dfende Gespr\u00e4chsrunde ein, bei dem sich der Staatsminister mit Sch\u00fclern, Lehrern, der Schulleitung und Sch\u00fclereltern (stehend an Bistrotischen) intensiv austauschte. Zum Abschied gab es ein gemeinsames Foto vor dem Schulgeb\u00e4ude.<\/p>\n<p>Bei meinem Gru\u00dfwort betonte ich einerseits die Bedeutung der beruflichen Begleitung an Mittelschulen, die wiederum das R\u00fcckgrat der mittelst\u00e4ndischen Betriebe sind. Andererseits ging ich nat\u00fcrlich auch auf den Zuschuss in H\u00f6he von 3.452.000 Euro f\u00fcr den Ersatzneubau des Klassen- und Verwaltungstrakts der Josef-Anton-Schneller-Mittelschule ein \u2013 immerhin der mit Abstand h\u00f6chste Zuschuss des Bayerischen Finanzministeriums bei der diesj\u00e4hrigen Kommunalen Hochbauf\u00f6rderung nach Art. 10 BayFAG im Regierungsbezirk Schwaben.<\/p>\n<p>Ich danke ganz herzlich unserem Landrat Leo Schrell, der sich den ganzen Vormittag f\u00fcr den Schulbesuch reservierte sowie der Direktorin Andrea Eisenreich vom Staatlichen Schulamt des Landkreises Dillingen f\u00fcr die Wertsch\u00e4tzung f\u00fcr den Ministerbesuch, die Sch\u00fclerinnen und Sch\u00fcler sowie den gesamten Lehrk\u00f6rper dieser Schule.<\/p>\n<p>Ihr Heimatabgeordneter<br \/>Johann H\u00e4usler<\/p>\n<p>[\/et_pb_text][\/et_pb_column][et_pb_column type=&#8220;2_5&#8243; _builder_version=&#8220;4.16&#8243; _module_preset=&#8220;default&#8220; global_colors_info=&#8220;{}&#8220;][et_pb_image src=&#8220;https:\/\/jsm-dillingen.de\/wp-content\/uploads\/2022\/06\/20210614_095902-ausschnitt-scaled-1024&#215;719-1.jpg&#8220; title_text=&#8220;20210614_095902-ausschnitt-scaled-1024&#215;719&#8243; _builder_version=&#8220;4.17.3&#8243; _module_preset=&#8220;default&#8220; custom_margin=&#8220;||20px|||&#8220; global_colors_info=&#8220;{}&#8220;][\/et_pb_image][et_pb_image src=&#8220;https:\/\/jsm-dillingen.de\/wp-content\/uploads\/2022\/06\/20210614_100256_fb-scaled-1024&#215;768-1.jpg&#8220; title_text=&#8220;20210614_100256_fb-scaled-1024&#215;768&#8243; _builder_version=&#8220;4.17.3&#8243; _module_preset=&#8220;default&#8220; custom_margin=&#8220;23px||23px||true|&#8220; global_colors_info=&#8220;{}&#8220;][\/et_pb_image][et_pb_image src=&#8220;https:\/\/jsm-dillingen.de\/wp-content\/uploads\/2022\/06\/20210614_104631_fb-scaled-1024&#215;768-Kopie.jpg&#8220; title_text=&#8220;20210614_104631_fb-scaled-1024&#215;768 &#8211; Kopie&#8220; _builder_version=&#8220;4.17.3&#8243; _module_preset=&#8220;default&#8220; global_colors_info=&#8220;{}&#8220; custom_margin=&#8220;||22px|||&#8220;][\/et_pb_image][et_pb_image src=&#8220;https:\/\/jsm-dillingen.de\/wp-content\/uploads\/2022\/06\/20210614_112658_fb-scaled-1024&#215;768-Kopie.jpg&#8220; title_text=&#8220;20210614_112658_fb-scaled-1024&#215;768 &#8211; Kopie&#8220; _builder_version=&#8220;4.17.3&#8243; _module_preset=&#8220;default&#8220; custom_margin=&#8220;17px||17px||true|&#8220; global_colors_info=&#8220;{}&#8220;][\/et_pb_image][\/et_pb_column][\/et_pb_row][\/et_pb_section]<\/p>\n","protected":false},"excerpt":{"rendered":"<p>STAATSMINISTER PIAZOLO IN DILLINGEN AN DER JOSEF-ANTON-SCHNELLER-MITTELSCHULE Die Corona-Pandemie hatte es eine Zeitlang verhindert, doch am 14. Juni war es endlich soweit. Auf meine Einladung hin erwies Kultusminister Prof. Dr. Michael Piazolo der Josef-Anton-Schneller-Mittelschule die Ehre. Er konnte bei seinem Besuch auf beeindruckende Weise sehen, wie vielf\u00e4ltig und intensiv an der Mittelschule die berufliche Bildung, [&hellip;]<\/p>\n","protected":false},"author":2,"featured_media":880,"comment_status":"open","ping_status":"closed","sticky":false,"template":"","format":"standard","meta":{"_et_pb_use_builder":"on","_et_pb_old_content":"","_et_gb_content_width":""},"categories":[52,62],"tags":[67,66,68],"_links":{"self":[{"href":"https:\/\/jsm-dillingen.de\/index.php\/wp-json\/wp\/v2\/posts\/904"}],"collection":[{"href":"https:\/\/jsm-dillingen.de\/index.php\/wp-json\/wp\/v2\/posts"}],"about":[{"href":"https:\/\/jsm-dillingen.de\/index.php\/wp-json\/wp\/v2\/types\/post"}],"author":[{"embeddable":true,"href":"https:\/\/jsm-dillingen.de\/index.php\/wp-json\/wp\/v2\/users\/2"}],"replies":[{"embeddable":true,"href":"https:\/\/jsm-dillingen.de\/index.php\/wp-json\/wp\/v2\/comments?post=904"}],"version-history":[{"count":6,"href":"https:\/\/jsm-dillingen.de\/index.php\/wp-json\/wp\/v2\/posts\/904\/revisions"}],"predecessor-version":[{"id":969,"href":"https:\/\/jsm-dillingen.de\/index.php\/wp-json\/wp\/v2\/posts\/904\/revisions\/969"}],"wp:featuredmedia":[{"embeddable":true,"href":"https:\/\/jsm-dillingen.de\/index.php\/wp-json\/wp\/v2\/media\/880"}],"wp:attachment":[{"href":"https:\/\/jsm-dillingen.de\/index.php\/wp-json\/wp\/v2\/media?parent=904"}],"wp:term":[{"taxonomy":"category","embeddable":true,"href":"https:\/\/jsm-dillingen.de\/index.php\/wp-json\/wp\/v2\/categories?post=904"},{"taxonomy":"post_tag","embeddable":true,"href":"https:\/\/jsm-dillingen.de\/index.php\/wp-json\/wp\/v2\/tags?post=904"}],"curies":[{"name":"wp","href":"https:\/\/api.w.org\/{rel}","templated":true}]}}