{"id":1676,"date":"2023-11-26T20:25:56","date_gmt":"2023-11-26T20:25:56","guid":{"rendered":"https:\/\/jsm-dillingen.de\/?p=1676"},"modified":"2023-11-26T20:35:26","modified_gmt":"2023-11-26T20:35:26","slug":"berufscafe-an-der-jsm-dillingen-schueler-erhalten-wertvolle-einblicke-in-verschiedene-berufsfelder","status":"publish","type":"post","link":"https:\/\/jsm-dillingen.de\/index.php\/2023\/11\/26\/berufscafe-an-der-jsm-dillingen-schueler-erhalten-wertvolle-einblicke-in-verschiedene-berufsfelder\/","title":{"rendered":"Berufscaf\u00e9 an der JSM Dillingen: Sch\u00fcler erhalten wertvolle Einblicke in verschiedene Berufsfelder"},"content":{"rendered":"<p>[et_pb_section fb_built=&#8220;1&#8243; _builder_version=&#8220;4.17.3&#8243; _module_preset=&#8220;default&#8220; global_colors_info=&#8220;{}&#8220;][et_pb_row column_structure=&#8220;1_2,1_2&#8243; _builder_version=&#8220;4.17.3&#8243; _module_preset=&#8220;default&#8220; global_colors_info=&#8220;{}&#8220;][et_pb_column type=&#8220;1_2&#8243; _builder_version=&#8220;4.17.3&#8243; _module_preset=&#8220;default&#8220; global_colors_info=&#8220;{}&#8220;][et_pb_text _builder_version=&#8220;4.17.3&#8243; _module_preset=&#8220;default&#8220; global_colors_info=&#8220;{}&#8220;]<\/p>\n<p>Am 25.10.2023 fand an der Josef-Anton-Schneller-Mittelschule Dillingen ein aufregendes Berufscaf\u00e9 statt, das Sch\u00fclern die M\u00f6glichkeit bot, sich mit Fachleuten aus verschiedenen Berufsfeldern zu treffen. Insgesamt nahmen 20 Betriebe unter anderem aus den Bereichen Handel, Pflege oder Landwirtschaft an dieser inspirierenden Veranstaltung teil und beantworteten die Fragen der Sch\u00fcler.<\/p>\n<p>Das Berufscaf\u00e9 war ein gro\u00dfer Erfolg und bot den Sch\u00fclern die M\u00f6glichkeit, mehr \u00fcber verschiedene Karrierem\u00f6glichkeiten zu erfahren. Die Vertreter der beteiligten Unternehmen waren hochmotiviert, ihr Wissen und ihre Erfahrungen mit den Sch\u00fclern zu teilen. Sie beantworteten Fragen zu ihren Berufen, den erforderlichen Qualifikationen und den Herausforderungen, die sie in ihren Arbeitsbereichen bew\u00e4ltigen.<span class=\"Apple-converted-space\">\u00a0<\/span><\/p>\n<p>Sch\u00fclerinnen und Sch\u00fcler hatten die Gelegenheit, sich pers\u00f6nlich mit den Experten aus den verschiedensten Berufsfeldern auszutauschen. Dies erm\u00f6glichte es ihnen, einen realistischen Einblick in die Arbeitswelt zu gewinnen und potenzielle Karrierewege zu erkunden.<\/p>\n<p>&#8222;Das Berufscaf\u00e9 war eine tolle Gelegenheit, Fragen zu stellen und echte Informationen aus erster Hand von Fachleuten zu erhalten&#8220;, sagte Enrico, ein Sch\u00fcler der 8. Klasse. &#8222;Es hat mir geholfen, meine eigenen Interessen und Karriereziele besser zu verstehen.&#8220;<\/p>\n<p>[\/et_pb_text][\/et_pb_column][et_pb_column type=&#8220;1_2&#8243; _builder_version=&#8220;4.17.3&#8243; _module_preset=&#8220;default&#8220; global_colors_info=&#8220;{}&#8220;][et_pb_image src=&#8220;https:\/\/jsm-dillingen.de\/wp-content\/uploads\/2023\/11\/IMG_2921.jpg&#8220; _builder_version=&#8220;4.17.3&#8243; _module_preset=&#8220;default&#8220; title_text=&#8220;IMG_2921&#8243; hover_enabled=&#8220;0&#8243; sticky_enabled=&#8220;0&#8243;][\/et_pb_image][\/et_pb_column][\/et_pb_row][et_pb_row _builder_version=&#8220;4.17.3&#8243; _module_preset=&#8220;default&#8220; global_colors_info=&#8220;{}&#8220; column_structure=&#8220;1_2,1_2&#8243; min_height=&#8220;373.1px&#8220; custom_padding=&#8220;49px||41px|||&#8220;][et_pb_column _builder_version=&#8220;4.17.3&#8243; _module_preset=&#8220;default&#8220; type=&#8220;1_2&#8243;][et_pb_image src=&#8220;https:\/\/jsm-dillingen.de\/wp-content\/uploads\/2023\/11\/IMG_2920.jpg&#8220; _builder_version=&#8220;4.17.3&#8243; _module_preset=&#8220;default&#8220; title_text=&#8220;IMG_2920&#8243; hover_enabled=&#8220;0&#8243; sticky_enabled=&#8220;0&#8243; width=&#8220;50.7%&#8220; custom_margin=&#8220;|238px||||&#8220;][\/et_pb_image][\/et_pb_column][et_pb_column type=&#8220;1_2&#8243; _builder_version=&#8220;4.17.3&#8243; _module_preset=&#8220;default&#8220; global_colors_info=&#8220;{}&#8220;][et_pb_text _builder_version=&#8220;4.17.3&#8243; _module_preset=&#8220;default&#8220; global_colors_info=&#8220;{}&#8220; custom_margin=&#8220;|-7px||-213px||&#8220; custom_padding=&#8220;|0px||||&#8220;]<\/p>\n<p>Egal ob Maschinenbau, Gesundheit, Soziales, oder Dienstleistung, die Referenten der einzelnen Betriebe haben ma\u00dfgeblich zum Erfolg der Veranstaltung beigetragen und es den Sch\u00fclern erm\u00f6glicht, unterschiedlichste Facetten der einzelnen Berufe kennenzulernen. Im Speeddating-Format konnten die Kinder mit vielen verschiedenen Referenten ins Gespr\u00e4ch kommen und spannende Interviews f\u00fchren.<span class=\"Apple-converted-space\">\u00a0<\/span><\/p>\n<p>Das Berufscaf\u00e9 an der JSM Dillingen war zweifellos eine wertvolle Erfahrung f\u00fcr Sch\u00fclerinnen und Sch\u00fcler, die sich auf ihre Zukunft vorbereiten.<\/p>\n<p>Wir danken allen beteiligten Unternehmen und Organisatoren, die dieses Berufscaf\u00e9 zu einem so bereichernden Ereignis gemacht haben.<\/p>\n<p>[\/et_pb_text][\/et_pb_column][\/et_pb_row][et_pb_row column_structure=&#8220;1_2,1_2&#8243; _builder_version=&#8220;4.17.3&#8243; _module_preset=&#8220;default&#8220; global_colors_info=&#8220;{}&#8220;][et_pb_column type=&#8220;1_2&#8243; _builder_version=&#8220;4.17.3&#8243; _module_preset=&#8220;default&#8220; global_colors_info=&#8220;{}&#8220;][et_pb_image src=&#8220;https:\/\/jsm-dillingen.de\/wp-content\/uploads\/2023\/11\/IMG_2918.jpg&#8220; title_text=&#8220;IMG_2918&#8243; _builder_version=&#8220;4.17.3&#8243; _module_preset=&#8220;default&#8220; hover_enabled=&#8220;0&#8243; global_colors_info=&#8220;{}&#8220; sticky_enabled=&#8220;0&#8243;][\/et_pb_image][\/et_pb_column][et_pb_column type=&#8220;1_2&#8243; _builder_version=&#8220;4.17.3&#8243; _module_preset=&#8220;default&#8220; global_colors_info=&#8220;{}&#8220;][et_pb_image src=&#8220;https:\/\/jsm-dillingen.de\/wp-content\/uploads\/2023\/11\/IMG_2917.jpg&#8220; _builder_version=&#8220;4.17.3&#8243; _module_preset=&#8220;default&#8220; title_text=&#8220;IMG_2917&#8243; hover_enabled=&#8220;0&#8243; sticky_enabled=&#8220;0&#8243;][\/et_pb_image][\/et_pb_column][\/et_pb_row][\/et_pb_section]<\/p>\n","protected":false},"excerpt":{"rendered":"<p>Am 25.10.2023 fand an der Josef-Anton-Schneller-Mittelschule Dillingen ein aufregendes Berufscaf\u00e9 statt, das Sch\u00fclern die M\u00f6glichkeit bot, sich mit Fachleuten aus verschiedenen Berufsfeldern zu treffen. Insgesamt nahmen 20 Betriebe unter anderem aus den Bereichen Handel, Pflege oder Landwirtschaft an dieser inspirierenden Veranstaltung teil und beantworteten die Fragen der Sch\u00fcler. Das Berufscaf\u00e9 war ein gro\u00dfer Erfolg und [&hellip;]<\/p>\n","protected":false},"author":2,"featured_media":1680,"comment_status":"open","ping_status":"closed","sticky":false,"template":"","format":"standard","meta":{"_et_pb_use_builder":"on","_et_pb_old_content":"","_et_gb_content_width":""},"categories":[52,72],"tags":[],"_links":{"self":[{"href":"https:\/\/jsm-dillingen.de\/index.php\/wp-json\/wp\/v2\/posts\/1676"}],"collection":[{"href":"https:\/\/jsm-dillingen.de\/index.php\/wp-json\/wp\/v2\/posts"}],"about":[{"href":"https:\/\/jsm-dillingen.de\/index.php\/wp-json\/wp\/v2\/types\/post"}],"author":[{"embeddable":true,"href":"https:\/\/jsm-dillingen.de\/index.php\/wp-json\/wp\/v2\/users\/2"}],"replies":[{"embeddable":true,"href":"https:\/\/jsm-dillingen.de\/index.php\/wp-json\/wp\/v2\/comments?post=1676"}],"version-history":[{"count":4,"href":"https:\/\/jsm-dillingen.de\/index.php\/wp-json\/wp\/v2\/posts\/1676\/revisions"}],"predecessor-version":[{"id":1689,"href":"https:\/\/jsm-dillingen.de\/index.php\/wp-json\/wp\/v2\/posts\/1676\/revisions\/1689"}],"wp:featuredmedia":[{"embeddable":true,"href":"https:\/\/jsm-dillingen.de\/index.php\/wp-json\/wp\/v2\/media\/1680"}],"wp:attachment":[{"href":"https:\/\/jsm-dillingen.de\/index.php\/wp-json\/wp\/v2\/media?parent=1676"}],"wp:term":[{"taxonomy":"category","embeddable":true,"href":"https:\/\/jsm-dillingen.de\/index.php\/wp-json\/wp\/v2\/categories?post=1676"},{"taxonomy":"post_tag","embeddable":true,"href":"https:\/\/jsm-dillingen.de\/index.php\/wp-json\/wp\/v2\/tags?post=1676"}],"curies":[{"name":"wp","href":"https:\/\/api.w.org\/{rel}","templated":true}]}}