{"id":1571,"date":"2023-04-27T18:34:10","date_gmt":"2023-04-27T18:34:10","guid":{"rendered":"https:\/\/jsm-dillingen.de\/?p=1571"},"modified":"2023-04-27T18:34:14","modified_gmt":"2023-04-27T18:34:14","slug":"flursaeuberungsaktion-awv","status":"publish","type":"post","link":"https:\/\/jsm-dillingen.de\/index.php\/2023\/04\/27\/flursaeuberungsaktion-awv\/","title":{"rendered":"Flurs\u00e4uberungsaktion AWV"},"content":{"rendered":"<p>[et_pb_section fb_built=&#8220;1&#8243; theme_builder_area=&#8220;post_content&#8220; _builder_version=&#8220;4.17.3&#8243; _module_preset=&#8220;default&#8220;][et_pb_row _builder_version=&#8220;4.17.3&#8243; _module_preset=&#8220;default&#8220; theme_builder_area=&#8220;post_content&#8220;][et_pb_column _builder_version=&#8220;4.17.3&#8243; _module_preset=&#8220;default&#8220; type=&#8220;4_4&#8243; theme_builder_area=&#8220;post_content&#8220;][et_pb_text _builder_version=&#8220;4.17.3&#8243; _module_preset=&#8220;default&#8220; theme_builder_area=&#8220;post_content&#8220; hover_enabled=&#8220;0&#8243; sticky_enabled=&#8220;0&#8243;]<\/p>\n<p>Der AWV Nordschwaben rief dieses Jahr zum 20. Mal zur Flurs\u00e4uberung in den Landkreisen Dillingen und Donau-Ries auf. An diesem Jubil\u00e4um wollten nat\u00fcrlich auch wir teilnehmen. Zum Dank f\u00fcr unsere fr\u00fche Anmeldung erhielt jeder Teilnehmer eine Wollm\u00fctze mit dem AWV-Logo, denn manchmal kann es im Fr\u00fchling durchaus noch kalt sein. Au\u00dferdem spendierte der Abfallverband jedem Sch\u00fcler und jeder Sch\u00fclerin eine Warnweste und die Schule erhielt Greifzangen zum Aufsammeln von M\u00fcll.<\/p>\n<p>Derart ausgestattet, trafen sich alle Sch\u00fclerinnen und Sch\u00fcler am Mittwoch, dem 29.03.2023 morgens um 8 Uhr im Pausenhof. Zum Dank f\u00fcr die zahlreichen Spenden und zur Gratulation zum 20-j\u00e4hrigen Jubil\u00e4um formierten sich alle Teilnehmenden im Pausenhof zu einer riesigen \u201e20\u201c, die von oben fotografiert wurde.<\/p>\n<p>Das Wetter hatte ein Einsehen mit uns und so konnten die Jugendlichen bei nur leicht bew\u00f6lktem Himmel anschlie\u00dfend mit der Flurs\u00e4uberung beginnen. Die jungen Menschen machten sich gegen 8:30 Uhr auf den Weg, um M\u00fcll im Dillinger Raum zu sammeln. In Hecken, Grasstreifen, hinter Z\u00e4unen, sogar in B\u00e4umen wurden sie mehr als f\u00fcndig. Manch akrobatische \u00dcbung war n\u00f6tig, um auch noch den letzten Plastikm\u00fcll, die letzte Verpackung usw. aufzusammeln.<\/p>\n<p>Den ganzen Vormittag wurde eifrig gesammelt und schlie\u00dflich trafen sich alle wieder gegen Mittag im Pausenhof. Die Sch\u00fclerinnen und Sch\u00fcler \u2013 zusammen mit ihren Lehrern \u2013 waren nach getaner Arbeit zwar m\u00fcde und ersch\u00f6pft, dies aber zu Recht, hatten sie doch Berge von M\u00fcll zusammengetragen und konnten diese nun stolz auf den bereitstehenden Anh\u00e4nger laden. Der M\u00fcll wurde anschlie\u00dfend von unserem Hausmeister zum Wertstoffhof gebracht.<span class=\"Apple-converted-space\">\u00a0<\/span><\/p>\n<p>Die abschlie\u00dfende Brotzeit \u2013 ebenfalls spendiert vom AVW \u2013 war wohlverdient und wurde gemeinsam im Pausenhof genossen.<\/p>\n<p>Fernab von der Paukerei im Klassenzimmer trug diese Aktion wieder einmal zur St\u00e4rkung der Gemeinschaft an unserer JSM bei. Es war ein prima Tag mit tollen Ergebnissen und mit Sicherheit werden wir n\u00e4chstes Jahr wieder an der Flurs\u00e4uberungsaktion oder einer \u00e4hnlichen Aktion teilnehmen.<\/p>\n<p>[\/et_pb_text][\/et_pb_column][\/et_pb_row][et_pb_row _builder_version=&#8220;4.17.3&#8243; _module_preset=&#8220;default&#8220; theme_builder_area=&#8220;post_content&#8220;][et_pb_column _builder_version=&#8220;4.17.3&#8243; _module_preset=&#8220;default&#8220; type=&#8220;4_4&#8243; theme_builder_area=&#8220;post_content&#8220;][et_pb_image _builder_version=&#8220;4.17.3&#8243; _module_preset=&#8220;default&#8220; theme_builder_area=&#8220;post_content&#8220; title_text=&#8220;AWV Aktion 2&#8243; src=&#8220;https:\/\/jsm-dillingen.de\/wp-content\/uploads\/2023\/04\/AWV-Aktion-2.jpg&#8220; hover_enabled=&#8220;0&#8243; sticky_enabled=&#8220;0&#8243;][\/et_pb_image][\/et_pb_column][\/et_pb_row][\/et_pb_section]<\/p>\n","protected":false},"excerpt":{"rendered":"<p>Der AWV Nordschwaben rief dieses Jahr zum 20. Mal zur Flurs\u00e4uberung in den Landkreisen Dillingen und Donau-Ries auf. An diesem Jubil\u00e4um wollten nat\u00fcrlich auch wir teilnehmen. Zum Dank f\u00fcr unsere fr\u00fche Anmeldung erhielt jeder Teilnehmer eine Wollm\u00fctze mit dem AWV-Logo, denn manchmal kann es im Fr\u00fchling durchaus noch kalt sein. Au\u00dferdem spendierte der Abfallverband jedem [&hellip;]<\/p>\n","protected":false},"author":2,"featured_media":1574,"comment_status":"open","ping_status":"closed","sticky":false,"template":"","format":"standard","meta":{"_et_pb_use_builder":"on","_et_pb_old_content":"","_et_gb_content_width":""},"categories":[52,63,61],"tags":[],"_links":{"self":[{"href":"https:\/\/jsm-dillingen.de\/index.php\/wp-json\/wp\/v2\/posts\/1571"}],"collection":[{"href":"https:\/\/jsm-dillingen.de\/index.php\/wp-json\/wp\/v2\/posts"}],"about":[{"href":"https:\/\/jsm-dillingen.de\/index.php\/wp-json\/wp\/v2\/types\/post"}],"author":[{"embeddable":true,"href":"https:\/\/jsm-dillingen.de\/index.php\/wp-json\/wp\/v2\/users\/2"}],"replies":[{"embeddable":true,"href":"https:\/\/jsm-dillingen.de\/index.php\/wp-json\/wp\/v2\/comments?post=1571"}],"version-history":[{"count":2,"href":"https:\/\/jsm-dillingen.de\/index.php\/wp-json\/wp\/v2\/posts\/1571\/revisions"}],"predecessor-version":[{"id":1575,"href":"https:\/\/jsm-dillingen.de\/index.php\/wp-json\/wp\/v2\/posts\/1571\/revisions\/1575"}],"wp:featuredmedia":[{"embeddable":true,"href":"https:\/\/jsm-dillingen.de\/index.php\/wp-json\/wp\/v2\/media\/1574"}],"wp:attachment":[{"href":"https:\/\/jsm-dillingen.de\/index.php\/wp-json\/wp\/v2\/media?parent=1571"}],"wp:term":[{"taxonomy":"category","embeddable":true,"href":"https:\/\/jsm-dillingen.de\/index.php\/wp-json\/wp\/v2\/categories?post=1571"},{"taxonomy":"post_tag","embeddable":true,"href":"https:\/\/jsm-dillingen.de\/index.php\/wp-json\/wp\/v2\/tags?post=1571"}],"curies":[{"name":"wp","href":"https:\/\/api.w.org\/{rel}","templated":true}]}}