{"id":1527,"date":"2023-03-16T19:55:26","date_gmt":"2023-03-16T19:55:26","guid":{"rendered":"https:\/\/jsm-dillingen.de\/?p=1527"},"modified":"2023-03-16T19:59:53","modified_gmt":"2023-03-16T19:59:53","slug":"entdecke-deine-zukunft","status":"publish","type":"post","link":"https:\/\/jsm-dillingen.de\/index.php\/2023\/03\/16\/entdecke-deine-zukunft\/","title":{"rendered":"Entdecke deine Zukunft!"},"content":{"rendered":"<p>[et_pb_section fb_built=&#8220;1&#8243; _builder_version=&#8220;4.17.3&#8243; _module_preset=&#8220;default&#8220; global_colors_info=&#8220;{}&#8220;][et_pb_row _builder_version=&#8220;4.17.3&#8243; _module_preset=&#8220;default&#8220; global_colors_info=&#8220;{}&#8220;][et_pb_column type=&#8220;4_4&#8243; _builder_version=&#8220;4.17.3&#8243; _module_preset=&#8220;default&#8220; global_colors_info=&#8220;{}&#8220;][et_pb_text _builder_version=&#8220;4.17.3&#8243; _module_preset=&#8220;default&#8220; global_colors_info=&#8220;{}&#8220;]<\/p>\n<h2>Achtkl\u00e4ssler schnuppern Berufsschul-Luft<span class=\"Apple-converted-space\">\u00a0<\/span><\/h2>\n<p>[\/et_pb_text][\/et_pb_column][\/et_pb_row][et_pb_row column_structure=&#8220;3_4,1_4&#8243; _builder_version=&#8220;4.17.3&#8243; _module_preset=&#8220;default&#8220; global_colors_info=&#8220;{}&#8220;][et_pb_column type=&#8220;3_4&#8243; _builder_version=&#8220;4.17.3&#8243; _module_preset=&#8220;default&#8220; global_colors_info=&#8220;{}&#8220;][et_pb_text _builder_version=&#8220;4.17.3&#8243; _module_preset=&#8220;default&#8220; global_colors_info=&#8220;{}&#8220;]<\/p>\n<p>Vom 13. bis 19. M\u00e4rz hei\u00dft es in ganz Bayern wieder \u201eEntdecke deine Zukunft!\u201c: Im Rahmen der Woche der Aus- und Weiterbildung finden im gesamten Freistaat zahlreiche Schnupperevents, Aktionstage und Betriebsvorstellungen statt. Die Auftaktveranstaltung wurde in diesem Jahr an der Berufsschule in Lauingen ausgerichtet und wir, die Klassen 8a und 8M, waren dabei!<span class=\"Apple-converted-space\">\u00a0<\/span><\/p>\n<p>Nach Gru\u00dfworten des Schulleiters Peter J. Hoffmann und des Staatssekret\u00e4rs des Bayerischen Wirtschaftsministerium Roland Weigert folgte eine Podiumsdiskussion mit Vertretern der bayerischen Wirtschaft. In einer zweiten Diskussionsrunde stellten sich Friseurmeister <a href=\"https:\/\/www.instagram.com\/cenkinz\/?hl=de\">Cenk Yesil<\/a>, Influencerin <a href=\"https:\/\/www.instagram.com\/simsalabims_xx\/?hl=de\">Simsalabims<\/a> und die beiden Ausbildungswochen-Testimonials <a href=\"https:\/\/www.ausbildungswochen.bayern\/blog\/#c73810\">Anna<\/a> und <a href=\"https:\/\/www.ausbildungswochen.bayern\/blog\/fuer-technikbegeisterte-loesungsfinder\/\">Michael<\/a> den Fragen der Moderatorin und des Publikums. <\/p>\n<p>[\/et_pb_text][\/et_pb_column][et_pb_column type=&#8220;1_4&#8243; _builder_version=&#8220;4.17.3&#8243; _module_preset=&#8220;default&#8220; global_colors_info=&#8220;{}&#8220;][et_pb_image src=&#8220;https:\/\/jsm-dillingen.de\/wp-content\/uploads\/2023\/03\/20230313_140747.jpg&#8220; _builder_version=&#8220;4.17.3&#8243; _module_preset=&#8220;default&#8220; title_text=&#8220;20230313_140747&#8243; hover_enabled=&#8220;0&#8243; sticky_enabled=&#8220;0&#8243;][\/et_pb_image][\/et_pb_column][\/et_pb_row][et_pb_row column_structure=&#8220;1_4,3_4&#8243; _builder_version=&#8220;4.17.3&#8243; _module_preset=&#8220;default&#8220; global_colors_info=&#8220;{}&#8220;][et_pb_column _builder_version=&#8220;4.17.3&#8243; _module_preset=&#8220;default&#8220; type=&#8220;1_4&#8243;][et_pb_image src=&#8220;https:\/\/jsm-dillingen.de\/wp-content\/uploads\/2023\/03\/20230313_135210_HDR.jpg&#8220; _builder_version=&#8220;4.17.3&#8243; _module_preset=&#8220;default&#8220; title_text=&#8220;20230313_135210_HDR&#8220; hover_enabled=&#8220;0&#8243; sticky_enabled=&#8220;0&#8243;][\/et_pb_image][\/et_pb_column][et_pb_column type=&#8220;3_4&#8243; _builder_version=&#8220;4.17.3&#8243; _module_preset=&#8220;default&#8220; global_colors_info=&#8220;{}&#8220;][et_pb_text _builder_version=&#8220;4.17.3&#8243; _module_preset=&#8220;default&#8220; global_colors_info=&#8220;{}&#8220;]<\/p>\n<p>Im Anschluss durften unsere Sch\u00fclerinnen und Sch\u00fcler dann selbst aktiv werden. W\u00e4hrend eines Rundgangs durch das Schulgeb\u00e4ude wurden mittels lebendiger Werkst\u00e4tten verschiedene Fachbereiche und Berufe pr\u00e4sentiert: Dabei erprobten unsere Sch\u00fclerinnen und Sch\u00fcler zum Beispiel, wie man mit der E-Commerce-Software Shopify einen eigenen Online-Shop entwickeln kann und erfuhren im Technikum, wie eine Trinkwasseraufbereitungsanlage funktioniert. Au\u00dferdem durften die Sch\u00fclerinnen und Sch\u00fcler in der Halle der Bautechnik beim Pflastern selbst Hand \u201eals Stra\u00dfenbauer\u201c anlegen und in der Fachabteilung f\u00fcr Metalltechnik einen eigenen Flaschen\u00f6ffner anfertigen. <span class=\"Apple-converted-space\">\u00a0<\/span><\/p>\n<p>Wir sagen DANKE f\u00fcr einen unglaublich ereignisreichen und gewinnbringenden Tag!<span class=\"Apple-converted-space\">\u00a0<\/span><\/p>\n<p>[\/et_pb_text][\/et_pb_column][\/et_pb_row][\/et_pb_section]<\/p>\n","protected":false},"excerpt":{"rendered":"<p>Achtkl\u00e4ssler schnuppern Berufsschul-Luft\u00a0Vom 13. bis 19. M\u00e4rz hei\u00dft es in ganz Bayern wieder \u201eEntdecke deine Zukunft!\u201c: Im Rahmen der Woche der Aus- und Weiterbildung finden im gesamten Freistaat zahlreiche Schnupperevents, Aktionstage und Betriebsvorstellungen statt. Die Auftaktveranstaltung wurde in diesem Jahr an der Berufsschule in Lauingen ausgerichtet und wir, die Klassen 8a und 8M, waren dabei!\u00a0 [&hellip;]<\/p>\n","protected":false},"author":2,"featured_media":1530,"comment_status":"open","ping_status":"closed","sticky":false,"template":"","format":"standard","meta":{"_et_pb_use_builder":"on","_et_pb_old_content":"","_et_gb_content_width":""},"categories":[52,63,61],"tags":[],"_links":{"self":[{"href":"https:\/\/jsm-dillingen.de\/index.php\/wp-json\/wp\/v2\/posts\/1527"}],"collection":[{"href":"https:\/\/jsm-dillingen.de\/index.php\/wp-json\/wp\/v2\/posts"}],"about":[{"href":"https:\/\/jsm-dillingen.de\/index.php\/wp-json\/wp\/v2\/types\/post"}],"author":[{"embeddable":true,"href":"https:\/\/jsm-dillingen.de\/index.php\/wp-json\/wp\/v2\/users\/2"}],"replies":[{"embeddable":true,"href":"https:\/\/jsm-dillingen.de\/index.php\/wp-json\/wp\/v2\/comments?post=1527"}],"version-history":[{"count":3,"href":"https:\/\/jsm-dillingen.de\/index.php\/wp-json\/wp\/v2\/posts\/1527\/revisions"}],"predecessor-version":[{"id":1535,"href":"https:\/\/jsm-dillingen.de\/index.php\/wp-json\/wp\/v2\/posts\/1527\/revisions\/1535"}],"wp:featuredmedia":[{"embeddable":true,"href":"https:\/\/jsm-dillingen.de\/index.php\/wp-json\/wp\/v2\/media\/1530"}],"wp:attachment":[{"href":"https:\/\/jsm-dillingen.de\/index.php\/wp-json\/wp\/v2\/media?parent=1527"}],"wp:term":[{"taxonomy":"category","embeddable":true,"href":"https:\/\/jsm-dillingen.de\/index.php\/wp-json\/wp\/v2\/categories?post=1527"},{"taxonomy":"post_tag","embeddable":true,"href":"https:\/\/jsm-dillingen.de\/index.php\/wp-json\/wp\/v2\/tags?post=1527"}],"curies":[{"name":"wp","href":"https:\/\/api.w.org\/{rel}","templated":true}]}}