{"id":1482,"date":"2023-02-25T19:04:05","date_gmt":"2023-02-25T19:04:05","guid":{"rendered":"https:\/\/jsm-dillingen.de\/?p=1482"},"modified":"2023-02-25T19:04:09","modified_gmt":"2023-02-25T19:04:09","slug":"jsm-schuelersprecher-im-rathaus","status":"publish","type":"post","link":"https:\/\/jsm-dillingen.de\/index.php\/2023\/02\/25\/jsm-schuelersprecher-im-rathaus\/","title":{"rendered":"JSM-Sch\u00fclersprecher im Rathaus"},"content":{"rendered":"<p>[et_pb_section fb_built=&#8220;1&#8243; theme_builder_area=&#8220;post_content&#8220; _builder_version=&#8220;4.17.3&#8243; _module_preset=&#8220;default&#8220;][et_pb_row _builder_version=&#8220;4.17.3&#8243; _module_preset=&#8220;default&#8220; theme_builder_area=&#8220;post_content&#8220;][et_pb_column _builder_version=&#8220;4.17.3&#8243; _module_preset=&#8220;default&#8220; type=&#8220;4_4&#8243; theme_builder_area=&#8220;post_content&#8220;][et_pb_text _builder_version=&#8220;4.17.3&#8243; _module_preset=&#8220;default&#8220; theme_builder_area=&#8220;post_content&#8220; hover_enabled=&#8220;0&#8243; sticky_enabled=&#8220;0&#8243;]<\/p>\n<p>Vergangenen Mittwoch waren unsere Sch\u00fclersprecher von Oberb\u00fcrgermeister Frank Kunz<span class=\"Apple-converted-space\">\u00a0 <\/span>zu einem Austausch mit allen Sch\u00fclersprechern der weiterf\u00fchrenden Schulen Dillingens ins Rathaus eingeladen worden.<span class=\"Apple-converted-space\">\u00a0<\/span><\/p>\n<p>Nach einer kurzen Vorstellungsrunde sprachen die Sch\u00fclerinnen und Sch\u00fcler mit Herrn Kunz und Vertretern des Dillinger Stadtrates beispielsweise \u00fcber Freizeitm\u00f6glichkeiten f\u00fcr Jugendliche in der Stadt Dillingen sowie Schwierigkeiten von Sch\u00fclerinnen und Sch\u00fclern im \u00f6ffentlichen Nahverkehr. Abschlie\u00dfend wurden konkrete Anliegen bez\u00fcglich der einzelnen Schulen in den Blick genommen.<\/p>\n<p>In Zukunft sollen derartige Austausch-Treffen regelm\u00e4\u00dfig stattfinden.<\/p>\n<p>[\/et_pb_text][\/et_pb_column][\/et_pb_row][et_pb_row _builder_version=&#8220;4.17.3&#8243; _module_preset=&#8220;default&#8220; theme_builder_area=&#8220;post_content&#8220;][et_pb_column _builder_version=&#8220;4.17.3&#8243; _module_preset=&#8220;default&#8220; type=&#8220;4_4&#8243; theme_builder_area=&#8220;post_content&#8220;][et_pb_image _builder_version=&#8220;4.17.3&#8243; _module_preset=&#8220;default&#8220; theme_builder_area=&#8220;post_content&#8220; title_text=&#8220;2023-02-15 Treffen Rathaus mit Sch\u00fclersprecherinnen und Sch\u00fclersprechern&#8220; src=&#8220;https:\/\/jsm-dillingen.de\/wp-content\/uploads\/2023\/02\/2023-02-15-Treffen-Rathaus-mit-Schuelersprecherinnen-und-Schuelersprechern.jpg&#8220; hover_enabled=&#8220;0&#8243; sticky_enabled=&#8220;0&#8243;][\/et_pb_image][\/et_pb_column][\/et_pb_row][\/et_pb_section]<\/p>\n","protected":false},"excerpt":{"rendered":"<p>Vergangenen Mittwoch waren unsere Sch\u00fclersprecher von Oberb\u00fcrgermeister Frank Kunz\u00a0 zu einem Austausch mit allen Sch\u00fclersprechern der weiterf\u00fchrenden Schulen Dillingens ins Rathaus eingeladen worden.\u00a0 Nach einer kurzen Vorstellungsrunde sprachen die Sch\u00fclerinnen und Sch\u00fcler mit Herrn Kunz und Vertretern des Dillinger Stadtrates beispielsweise \u00fcber Freizeitm\u00f6glichkeiten f\u00fcr Jugendliche in der Stadt Dillingen sowie Schwierigkeiten von Sch\u00fclerinnen und Sch\u00fclern [&hellip;]<\/p>\n","protected":false},"author":2,"featured_media":1485,"comment_status":"open","ping_status":"closed","sticky":false,"template":"","format":"standard","meta":{"_et_pb_use_builder":"on","_et_pb_old_content":"","_et_gb_content_width":""},"categories":[52,63,61],"tags":[],"_links":{"self":[{"href":"https:\/\/jsm-dillingen.de\/index.php\/wp-json\/wp\/v2\/posts\/1482"}],"collection":[{"href":"https:\/\/jsm-dillingen.de\/index.php\/wp-json\/wp\/v2\/posts"}],"about":[{"href":"https:\/\/jsm-dillingen.de\/index.php\/wp-json\/wp\/v2\/types\/post"}],"author":[{"embeddable":true,"href":"https:\/\/jsm-dillingen.de\/index.php\/wp-json\/wp\/v2\/users\/2"}],"replies":[{"embeddable":true,"href":"https:\/\/jsm-dillingen.de\/index.php\/wp-json\/wp\/v2\/comments?post=1482"}],"version-history":[{"count":2,"href":"https:\/\/jsm-dillingen.de\/index.php\/wp-json\/wp\/v2\/posts\/1482\/revisions"}],"predecessor-version":[{"id":1486,"href":"https:\/\/jsm-dillingen.de\/index.php\/wp-json\/wp\/v2\/posts\/1482\/revisions\/1486"}],"wp:featuredmedia":[{"embeddable":true,"href":"https:\/\/jsm-dillingen.de\/index.php\/wp-json\/wp\/v2\/media\/1485"}],"wp:attachment":[{"href":"https:\/\/jsm-dillingen.de\/index.php\/wp-json\/wp\/v2\/media?parent=1482"}],"wp:term":[{"taxonomy":"category","embeddable":true,"href":"https:\/\/jsm-dillingen.de\/index.php\/wp-json\/wp\/v2\/categories?post=1482"},{"taxonomy":"post_tag","embeddable":true,"href":"https:\/\/jsm-dillingen.de\/index.php\/wp-json\/wp\/v2\/tags?post=1482"}],"curies":[{"name":"wp","href":"https:\/\/api.w.org\/{rel}","templated":true}]}}