{"id":1460,"date":"2023-02-14T20:03:51","date_gmt":"2023-02-14T20:03:51","guid":{"rendered":"https:\/\/jsm-dillingen.de\/?p=1460"},"modified":"2023-02-14T20:05:10","modified_gmt":"2023-02-14T20:05:10","slug":"grundschul-schnupperabend-an-der-jsm","status":"publish","type":"post","link":"https:\/\/jsm-dillingen.de\/index.php\/2023\/02\/14\/grundschul-schnupperabend-an-der-jsm\/","title":{"rendered":"Grundschul-Schnupperabend an der JSM"},"content":{"rendered":"<p>[et_pb_section fb_built=&#8220;1&#8243; _builder_version=&#8220;4.17.3&#8243; _module_preset=&#8220;default&#8220; global_colors_info=&#8220;{}&#8220;][et_pb_row _builder_version=&#8220;4.17.3&#8243; _module_preset=&#8220;default&#8220; global_colors_info=&#8220;{}&#8220;][et_pb_column type=&#8220;4_4&#8243; _builder_version=&#8220;4.17.3&#8243; _module_preset=&#8220;default&#8220; global_colors_info=&#8220;{}&#8220;][et_pb_text _builder_version=&#8220;4.17.3&#8243; _module_preset=&#8220;default&#8220; global_colors_info=&#8220;{}&#8220;]<\/p>\n<h2><b>Am 24. Januar \u00f6ffnete die JSM die Tore f\u00fcr interessierte Grundsch\u00fclerinnen und Grundsch\u00fcler sowie deren Eltern.<span class=\"Apple-converted-space\">\u00a0<\/span><\/b><\/h2>\n<p>[\/et_pb_text][\/et_pb_column][\/et_pb_row][et_pb_row _builder_version=&#8220;4.17.3&#8243; _module_preset=&#8220;default&#8220; global_colors_info=&#8220;{}&#8220; width=&#8220;62.6%&#8220;][et_pb_column type=&#8220;4_4&#8243; _builder_version=&#8220;4.17.3&#8243; _module_preset=&#8220;default&#8220; global_colors_info=&#8220;{}&#8220;][et_pb_image src=&#8220;https:\/\/jsm-dillingen.de\/wp-content\/uploads\/2023\/02\/Bild-GS-Tag.jpg&#8220; title_text=&#8220;Bild GS-Tag&#8220; _builder_version=&#8220;4.17.3&#8243; _module_preset=&#8220;default&#8220; global_colors_info=&#8220;{}&#8220;][\/et_pb_image][\/et_pb_column][\/et_pb_row][et_pb_row _builder_version=&#8220;4.17.3&#8243; _module_preset=&#8220;default&#8220; global_colors_info=&#8220;{}&#8220;][et_pb_column type=&#8220;4_4&#8243; _builder_version=&#8220;4.17.3&#8243; _module_preset=&#8220;default&#8220; global_colors_info=&#8220;{}&#8220;][et_pb_text _builder_version=&#8220;4.17.3&#8243; _module_preset=&#8220;default&#8220; global_colors_info=&#8220;{}&#8220;]<\/p>\n<p>Nachdem Rektor Markus Reutter alle G\u00e4ste in der Aula begr\u00fc\u00dft und das Programm vorgestellt hatte, wurden die Grundsch\u00fclerinnen und Grundsch\u00fcler sowie deren Eltern von Sch\u00fclerinnen und Sch\u00fclern aus der Klasse 10M durch das neue Schulhaus gef\u00fchrt. Im Anschluss fanden sich die Eltern in der Mensa zum Elterncaf\u00e9 ein, um ganz individuelle Fragen an die anwesenden Lehrkr\u00e4fte stellen zu k\u00f6nnen. Kulinarisch umrahmt wurde die Gespr\u00e4chsrunde durch vielf\u00e4ltige s\u00fc\u00dfe und herzhafte Snacks und Getr\u00e4nke, die der Elternbeirat vorbereitet hatte.<\/p>\n<p>Zur selben Zeit wurden die Grundsch\u00fclerinnen und Grundsch\u00fcler in verschiedenen Workshops aktiv: Das Angebot reichte dabei von Basteln, Kochen und einem Technik-Workshop bis zum gemeinsamen Musizieren, Programmieren und Herstellen von Faschingsmasken und \u201eSlime\u201c.<span class=\"Apple-converted-space\">\u00a0<\/span><\/p>\n<p>[\/et_pb_text][\/et_pb_column][\/et_pb_row][\/et_pb_section]<\/p>\n","protected":false},"excerpt":{"rendered":"<p>Am 24. Januar \u00f6ffnete die JSM die Tore f\u00fcr interessierte Grundsch\u00fclerinnen und Grundsch\u00fcler sowie deren Eltern.\u00a0Nachdem Rektor Markus Reutter alle G\u00e4ste in der Aula begr\u00fc\u00dft und das Programm vorgestellt hatte, wurden die Grundsch\u00fclerinnen und Grundsch\u00fcler sowie deren Eltern von Sch\u00fclerinnen und Sch\u00fclern aus der Klasse 10M durch das neue Schulhaus gef\u00fchrt. Im Anschluss fanden sich [&hellip;]<\/p>\n","protected":false},"author":2,"featured_media":1463,"comment_status":"open","ping_status":"closed","sticky":false,"template":"","format":"standard","meta":{"_et_pb_use_builder":"on","_et_pb_old_content":"","_et_gb_content_width":""},"categories":[52,63,61],"tags":[],"_links":{"self":[{"href":"https:\/\/jsm-dillingen.de\/index.php\/wp-json\/wp\/v2\/posts\/1460"}],"collection":[{"href":"https:\/\/jsm-dillingen.de\/index.php\/wp-json\/wp\/v2\/posts"}],"about":[{"href":"https:\/\/jsm-dillingen.de\/index.php\/wp-json\/wp\/v2\/types\/post"}],"author":[{"embeddable":true,"href":"https:\/\/jsm-dillingen.de\/index.php\/wp-json\/wp\/v2\/users\/2"}],"replies":[{"embeddable":true,"href":"https:\/\/jsm-dillingen.de\/index.php\/wp-json\/wp\/v2\/comments?post=1460"}],"version-history":[{"count":3,"href":"https:\/\/jsm-dillingen.de\/index.php\/wp-json\/wp\/v2\/posts\/1460\/revisions"}],"predecessor-version":[{"id":1466,"href":"https:\/\/jsm-dillingen.de\/index.php\/wp-json\/wp\/v2\/posts\/1460\/revisions\/1466"}],"wp:featuredmedia":[{"embeddable":true,"href":"https:\/\/jsm-dillingen.de\/index.php\/wp-json\/wp\/v2\/media\/1463"}],"wp:attachment":[{"href":"https:\/\/jsm-dillingen.de\/index.php\/wp-json\/wp\/v2\/media?parent=1460"}],"wp:term":[{"taxonomy":"category","embeddable":true,"href":"https:\/\/jsm-dillingen.de\/index.php\/wp-json\/wp\/v2\/categories?post=1460"},{"taxonomy":"post_tag","embeddable":true,"href":"https:\/\/jsm-dillingen.de\/index.php\/wp-json\/wp\/v2\/tags?post=1460"}],"curies":[{"name":"wp","href":"https:\/\/api.w.org\/{rel}","templated":true}]}}