{"id":1451,"date":"2023-01-31T14:23:51","date_gmt":"2023-01-31T14:23:51","guid":{"rendered":"https:\/\/jsm-dillingen.de\/?p=1451"},"modified":"2023-01-31T14:28:59","modified_gmt":"2023-01-31T14:28:59","slug":"ran-an-die-haare","status":"publish","type":"post","link":"https:\/\/jsm-dillingen.de\/index.php\/2023\/01\/31\/ran-an-die-haare\/","title":{"rendered":"Ran an die Haare!"},"content":{"rendered":"<p>[et_pb_section fb_built=&#8220;1&#8243; _builder_version=&#8220;4.17.3&#8243; _module_preset=&#8220;default&#8220; global_colors_info=&#8220;{}&#8220;][et_pb_row _builder_version=&#8220;4.17.3&#8243; _module_preset=&#8220;default&#8220; global_colors_info=&#8220;{}&#8220;][et_pb_column type=&#8220;4_4&#8243; _builder_version=&#8220;4.17.3&#8243; _module_preset=&#8220;default&#8220; global_colors_info=&#8220;{}&#8220;][et_pb_text _builder_version=&#8220;4.17.3&#8243; _module_preset=&#8220;default&#8220; global_colors_info=&#8220;{}&#8220;]<\/p>\n<h2>Interessierte Sch\u00fcler lernen das Friseurhandwerk n\u00e4her kennen<\/h2>\n<p>[\/et_pb_text][\/et_pb_column][\/et_pb_row][et_pb_row _builder_version=&#8220;4.17.3&#8243; _module_preset=&#8220;default&#8220; global_colors_info=&#8220;{}&#8220;][et_pb_column type=&#8220;4_4&#8243; _builder_version=&#8220;4.17.3&#8243; _module_preset=&#8220;default&#8220; global_colors_info=&#8220;{}&#8220;][et_pb_text _builder_version=&#8220;4.17.3&#8243; _module_preset=&#8220;default&#8220; global_colors_info=&#8220;{}&#8220;]<\/p>\n<p>Nach einer kurzen Vorstellung der Arbeitsbereiche und \u2013t\u00e4tigkeiten eines Friseurs durften die Sch\u00fclerinnen und Sch\u00fcler schnell selbst praktische Erfahrungen an und mit Haaren sammeln. So wurden an Stationen Haare gef\u00e4rbt und gek\u00e4mmt, Z\u00f6pfe geflochten und Lockenwickler eingedreht. Initiiert und fachm\u00e4nnisch begleitet wurden die 90 Minuten durch Friseurmeisterin Anna-Maria Maier und Leon Basgier (Auszubildender im 2. Lehrjahr). Vielen Dank f\u00fcr die praktische und lebensnahe Vorstellung des Friseurhandwerks!<span class=\"Apple-converted-space\">\u00a0<\/span><\/p>\n<p>[\/et_pb_text][\/et_pb_column][\/et_pb_row][et_pb_row column_structure=&#8220;1_4,1_4,1_4,1_4&#8243; _builder_version=&#8220;4.17.3&#8243; _module_preset=&#8220;default&#8220; global_colors_info=&#8220;{}&#8220;][et_pb_column type=&#8220;1_4&#8243; _builder_version=&#8220;4.17.3&#8243; _module_preset=&#8220;default&#8220; global_colors_info=&#8220;{}&#8220;][et_pb_image src=&#8220;https:\/\/jsm-dillingen.de\/wp-content\/uploads\/2023\/01\/IMG_0722.jpeg&#8220; title_text=&#8220;IMG_0722&#8243; _builder_version=&#8220;4.17.3&#8243; _module_preset=&#8220;default&#8220; global_colors_info=&#8220;{}&#8220;][\/et_pb_image][\/et_pb_column][et_pb_column type=&#8220;1_4&#8243; _builder_version=&#8220;4.17.3&#8243; _module_preset=&#8220;default&#8220; global_colors_info=&#8220;{}&#8220;][et_pb_image src=&#8220;https:\/\/jsm-dillingen.de\/wp-content\/uploads\/2023\/01\/IMG_0725.jpeg&#8220; title_text=&#8220;IMG_0725&#8243; _builder_version=&#8220;4.17.3&#8243; _module_preset=&#8220;default&#8220; global_colors_info=&#8220;{}&#8220;][\/et_pb_image][\/et_pb_column][et_pb_column type=&#8220;1_4&#8243; _builder_version=&#8220;4.17.3&#8243; _module_preset=&#8220;default&#8220; global_colors_info=&#8220;{}&#8220;][et_pb_image src=&#8220;https:\/\/jsm-dillingen.de\/wp-content\/uploads\/2023\/01\/IMG_0716.jpeg&#8220; title_text=&#8220;IMG_0716&#8243; _builder_version=&#8220;4.17.3&#8243; _module_preset=&#8220;default&#8220; hover_enabled=&#8220;0&#8243; global_colors_info=&#8220;{}&#8220; sticky_enabled=&#8220;0&#8243;][\/et_pb_image][\/et_pb_column][et_pb_column type=&#8220;1_4&#8243; _builder_version=&#8220;4.17.3&#8243; _module_preset=&#8220;default&#8220; global_colors_info=&#8220;{}&#8220;][et_pb_image src=&#8220;https:\/\/jsm-dillingen.de\/wp-content\/uploads\/2023\/01\/IMG_0730.jpeg&#8220; title_text=&#8220;IMG_0730&#8243; _builder_version=&#8220;4.17.3&#8243; _module_preset=&#8220;default&#8220; global_colors_info=&#8220;{}&#8220;][\/et_pb_image][\/et_pb_column][\/et_pb_row][\/et_pb_section]<\/p>\n","protected":false},"excerpt":{"rendered":"<p>Interessierte Sch\u00fcler lernen das Friseurhandwerk n\u00e4her kennenNach einer kurzen Vorstellung der Arbeitsbereiche und \u2013t\u00e4tigkeiten eines Friseurs durften die Sch\u00fclerinnen und Sch\u00fcler schnell selbst praktische Erfahrungen an und mit Haaren sammeln. So wurden an Stationen Haare gef\u00e4rbt und gek\u00e4mmt, Z\u00f6pfe geflochten und Lockenwickler eingedreht. Initiiert und fachm\u00e4nnisch begleitet wurden die 90 Minuten durch Friseurmeisterin Anna-Maria Maier [&hellip;]<\/p>\n","protected":false},"author":2,"featured_media":1436,"comment_status":"open","ping_status":"closed","sticky":false,"template":"","format":"standard","meta":{"_et_pb_use_builder":"on","_et_pb_old_content":"","_et_gb_content_width":""},"categories":[52,63,61],"tags":[],"_links":{"self":[{"href":"https:\/\/jsm-dillingen.de\/index.php\/wp-json\/wp\/v2\/posts\/1451"}],"collection":[{"href":"https:\/\/jsm-dillingen.de\/index.php\/wp-json\/wp\/v2\/posts"}],"about":[{"href":"https:\/\/jsm-dillingen.de\/index.php\/wp-json\/wp\/v2\/types\/post"}],"author":[{"embeddable":true,"href":"https:\/\/jsm-dillingen.de\/index.php\/wp-json\/wp\/v2\/users\/2"}],"replies":[{"embeddable":true,"href":"https:\/\/jsm-dillingen.de\/index.php\/wp-json\/wp\/v2\/comments?post=1451"}],"version-history":[{"count":5,"href":"https:\/\/jsm-dillingen.de\/index.php\/wp-json\/wp\/v2\/posts\/1451\/revisions"}],"predecessor-version":[{"id":1458,"href":"https:\/\/jsm-dillingen.de\/index.php\/wp-json\/wp\/v2\/posts\/1451\/revisions\/1458"}],"wp:featuredmedia":[{"embeddable":true,"href":"https:\/\/jsm-dillingen.de\/index.php\/wp-json\/wp\/v2\/media\/1436"}],"wp:attachment":[{"href":"https:\/\/jsm-dillingen.de\/index.php\/wp-json\/wp\/v2\/media?parent=1451"}],"wp:term":[{"taxonomy":"category","embeddable":true,"href":"https:\/\/jsm-dillingen.de\/index.php\/wp-json\/wp\/v2\/categories?post=1451"},{"taxonomy":"post_tag","embeddable":true,"href":"https:\/\/jsm-dillingen.de\/index.php\/wp-json\/wp\/v2\/tags?post=1451"}],"curies":[{"name":"wp","href":"https:\/\/api.w.org\/{rel}","templated":true}]}}