{"id":1000,"date":"2022-06-30T06:21:39","date_gmt":"2022-06-30T06:21:39","guid":{"rendered":"https:\/\/mittelschule-dlg.webdesign-schwaben.de\/?p=1000"},"modified":"2022-06-30T06:30:10","modified_gmt":"2022-06-30T06:30:10","slug":"besichtigung-des-neubaus-der-jsm-dillingen","status":"publish","type":"post","link":"https:\/\/jsm-dillingen.de\/index.php\/2022\/06\/30\/besichtigung-des-neubaus-der-jsm-dillingen\/","title":{"rendered":"Besichtigung des Neubaus der JSM Dillingen"},"content":{"rendered":"<p>[et_pb_section fb_built=&#8220;1&#8243; _builder_version=&#8220;4.16&#8243; _module_preset=&#8220;default&#8220; custom_padding=&#8220;||44px|||&#8220; global_colors_info=&#8220;{}&#8220;][et_pb_row _builder_version=&#8220;4.16&#8243; _module_preset=&#8220;default&#8220; global_colors_info=&#8220;{}&#8220;][et_pb_column type=&#8220;4_4&#8243; _builder_version=&#8220;4.16&#8243; _module_preset=&#8220;default&#8220; global_colors_info=&#8220;{}&#8220;][et_pb_text _builder_version=&#8220;4.17.3&#8243; _module_preset=&#8220;default&#8220; text_font=&#8220;Amiko||||||||&#8220; header_font=&#8220;Amiko||||||||&#8220; header_2_font=&#8220;Amiko||||||||&#8220; header_3_font=&#8220;Amiko||||||||&#8220; header_4_font=&#8220;Amiko||||||||&#8220; global_colors_info=&#8220;{}&#8220;]<\/p>\n<h3><b>MdL H\u00e4usler zeigte sich beeindruckt von der Modernit\u00e4t und Digitalisierung des Hauses<\/b><\/h3>\n<p>[\/et_pb_text][\/et_pb_column][\/et_pb_row][et_pb_row column_structure=&#8220;3_5,2_5&#8243; _builder_version=&#8220;4.17.3&#8243; _module_preset=&#8220;default&#8220; hover_enabled=&#8220;0&#8243; global_colors_info=&#8220;{}&#8220; sticky_enabled=&#8220;0&#8243;][et_pb_column type=&#8220;3_5&#8243; _builder_version=&#8220;4.16&#8243; _module_preset=&#8220;default&#8220; global_colors_info=&#8220;{}&#8220;][et_pb_text admin_label=&#8220;Text&#8220; _builder_version=&#8220;4.17.3&#8243; _module_preset=&#8220;default&#8220; global_colors_info=&#8220;{}&#8220;]<\/p>\n<p>Auf Einladung von Rektor Markus Reutter besuchte Landtagsabgeordneter Johann H\u00e4usler zusammen mit seinem Referenten Peter Grab die Josef-Anton-Schneller-Mittelschule (JSM), um sich \u00fcber den Baufortschritt des derzeit gr\u00f6\u00dften Investitionsprojekts in Dillingen zu informieren. Am 14. Juni 2021 hat MdL H\u00e4usler Herrn Kultusminister Prof. Dr. Michael Piazolo nach Dillingen eingeladen, um sich von der Qualit\u00e4t und Bedeutung der beruflichen Bildung an diesem Standort zu \u00fcberzeugen \u2013 unter anderem in der JSM.<\/p>\n<p>Die damalige sehr gut vorbereitete Pr\u00e4sentation des Lehrk\u00f6rpers und der Sch\u00fclerschaft sowie die Diskussionen mit dem Staatsminister sind bei allen Beteiligten noch immer in lebhafter Erinnerung und in Folge dessen waren die seinerzeitigen Geschehnisse und Themen erneut Thema einer Diskussionsrunde mit Rektor Reutter und seinen Kolleginnen Monika Seiler, Ute Gerstmayr, Daniana Springer Peixoto sowie Claudia Hohdorfer.<\/p>\n<p>Dar\u00fcber hinaus wurden verschiedene verbesserungsw\u00fcrdige Aspekte aus dem Schulalltag er\u00f6rtert. F\u00fcr diesen Erfahrungsschatz zeigte sich Johann H\u00e4usler sehr dankbar, da er solche Erkenntnisse in seine Arbeit als Mitglied des Bildungsausschusses im Bayerischen Landtag ad\u00e4quat einbringen kann. Ohnehin war er schon seit Jahren ein klarer Verfechter der beruflichen und dualen Bildung und forderte seit jeher eine diesbez\u00fcgliche St\u00e4rkung der Mittelschulen ein. So betonte er auch in Dillingen, dass der Fokus nicht allein auf Gymnasien gelegt werden d\u00fcrfe, denn jede Schulart vermittelt Kompetenzen. Eine Gleichgewichtigkeit der Mittelschulen und Realschulen mit anderen Schultypen ist von gro\u00dfer Bedeutung, denn die genannten Schulen sind der Grundstein f\u00fcr zahlreiche Berufe, die so sehr systemrelevant seien, dass sie gar nicht mehr erw\u00e4hnt werden.<\/p>\n<p>Besonders erfreut und beeindruckt war MdL H\u00e4usler beim Rundgang durch den Neubau \u00fcber die optimale Digitalisierung des Schulunterrichts \u2013 so wurden ihm beispielsweise von Herrn Reutter und Frau Springer Peixoto die zahlreichen digitalen Einsatzm\u00f6glichkeiten der Schultafel pr\u00e4sentiert. Die in freundlichen Farben und hell ausgestatteten R\u00e4ume zeugten von einem ungleich gr\u00f6\u00dferen Wohlf\u00fchlcharakter als im Altbau nebenan, in welchem sich noch die Fachr\u00e4ume befinden.<\/p>\n<p>Am Rande der inhaltlichen Gespr\u00e4che zu Themen wie dienstliche Beurteilungen, Mehrarbeitsregelungen, schulischen Programmen f\u00fcr Stundenpl\u00e4ne oder BerEb-Programme \u00fcberbrachte Abgeordneter H\u00e4usler aus dem Kultusministerium eine gute Nachricht: So engagierte er sich seit geraumer Zeit f\u00fcr eine L\u00f6sung bei den Jahresvertr\u00e4gen f\u00fcr Sozialp\u00e4dagoginnen an der Mittelschule Dillingen. Nun ist es gelungen, eine L\u00f6sung f\u00fcr das externe p\u00e4dagogische Personal herbeizuf\u00fchren, bei der unter bestimmten Umst\u00e4nden eine unbefristete Besch\u00e4ftigung m\u00f6glich wird \u2013 statt der bisherigen Befristung von Schuljahr zu Schuljahr, welche neben den Unsicherheitsfaktoren f\u00fcr alle Seiten auch eine Benachteiligung bei den Renten nach sich gezogen hat. Insofern bedankten sich die Betroffenen sowie Rektor Reutter bei Herrn H\u00e4usler und Herrn Staatsminister Piazolo herzlich.<\/p>\n<p>Alles in allem war es wieder ein bemerkenswert freundlicher Besuch mit vielen wichtigen Erkenntnissen sowie sehr angenehmen Erlebnissen \u2013 ein Wiedersehen ist somit vorprogrammiert!<\/p>\n<p>Ihr Heimatabgeordneter<br \/>Johann H\u00e4usler<\/p>\n<p>[\/et_pb_text][\/et_pb_column][et_pb_column type=&#8220;2_5&#8243; _builder_version=&#8220;4.16&#8243; _module_preset=&#8220;default&#8220; global_colors_info=&#8220;{}&#8220;][et_pb_image src=&#8220;https:\/\/jsm-dillingen.de\/wp-content\/uploads\/2022\/06\/Bild-1.jpg&#8220; title_text=&#8220;Bild 1&#8243; _builder_version=&#8220;4.17.3&#8243; _module_preset=&#8220;default&#8220; global_colors_info=&#8220;{}&#8220;][\/et_pb_image][et_pb_image src=&#8220;https:\/\/jsm-dillingen.de\/wp-content\/uploads\/2022\/06\/Bild-3.jpg&#8220; title_text=&#8220;Bild 3&#8243; _builder_version=&#8220;4.17.3&#8243; _module_preset=&#8220;default&#8220; global_colors_info=&#8220;{}&#8220;][\/et_pb_image][et_pb_image src=&#8220;https:\/\/jsm-dillingen.de\/wp-content\/uploads\/2022\/06\/BIld-10.jpg&#8220; title_text=&#8220;BIld 10&#8243; _builder_version=&#8220;4.17.3&#8243; _module_preset=&#8220;default&#8220; global_colors_info=&#8220;{}&#8220;][\/et_pb_image][et_pb_image src=&#8220;https:\/\/jsm-dillingen.de\/wp-content\/uploads\/2022\/06\/Bild-8.jpg&#8220; title_text=&#8220;Bild 8&#8243; _builder_version=&#8220;4.17.3&#8243; _module_preset=&#8220;default&#8220; global_colors_info=&#8220;{}&#8220;][\/et_pb_image][et_pb_image src=&#8220;https:\/\/jsm-dillingen.de\/wp-content\/uploads\/2022\/06\/Bild-5.jpg&#8220; title_text=&#8220;Bild 5&#8243; _builder_version=&#8220;4.17.3&#8243; _module_preset=&#8220;default&#8220; hover_enabled=&#8220;0&#8243; global_colors_info=&#8220;{}&#8220; sticky_enabled=&#8220;0&#8243;][\/et_pb_image][\/et_pb_column][\/et_pb_row][\/et_pb_section]<\/p>\n","protected":false},"excerpt":{"rendered":"<p>MdL H\u00e4usler zeigte sich beeindruckt von der Modernit\u00e4t und Digitalisierung des HausesAuf Einladung von Rektor Markus Reutter besuchte Landtagsabgeordneter Johann H\u00e4usler zusammen mit seinem Referenten Peter Grab die Josef-Anton-Schneller-Mittelschule (JSM), um sich \u00fcber den Baufortschritt des derzeit gr\u00f6\u00dften Investitionsprojekts in Dillingen zu informieren. Am 14. Juni 2021 hat MdL H\u00e4usler Herrn Kultusminister Prof. Dr. Michael [&hellip;]<\/p>\n","protected":false},"author":2,"featured_media":1003,"comment_status":"open","ping_status":"closed","sticky":false,"template":"","format":"standard","meta":{"_et_pb_use_builder":"on","_et_pb_old_content":"","_et_gb_content_width":""},"categories":[52,62,61],"tags":[],"_links":{"self":[{"href":"https:\/\/jsm-dillingen.de\/index.php\/wp-json\/wp\/v2\/posts\/1000"}],"collection":[{"href":"https:\/\/jsm-dillingen.de\/index.php\/wp-json\/wp\/v2\/posts"}],"about":[{"href":"https:\/\/jsm-dillingen.de\/index.php\/wp-json\/wp\/v2\/types\/post"}],"author":[{"embeddable":true,"href":"https:\/\/jsm-dillingen.de\/index.php\/wp-json\/wp\/v2\/users\/2"}],"replies":[{"embeddable":true,"href":"https:\/\/jsm-dillingen.de\/index.php\/wp-json\/wp\/v2\/comments?post=1000"}],"version-history":[{"count":4,"href":"https:\/\/jsm-dillingen.de\/index.php\/wp-json\/wp\/v2\/posts\/1000\/revisions"}],"predecessor-version":[{"id":1012,"href":"https:\/\/jsm-dillingen.de\/index.php\/wp-json\/wp\/v2\/posts\/1000\/revisions\/1012"}],"wp:featuredmedia":[{"embeddable":true,"href":"https:\/\/jsm-dillingen.de\/index.php\/wp-json\/wp\/v2\/media\/1003"}],"wp:attachment":[{"href":"https:\/\/jsm-dillingen.de\/index.php\/wp-json\/wp\/v2\/media?parent=1000"}],"wp:term":[{"taxonomy":"category","embeddable":true,"href":"https:\/\/jsm-dillingen.de\/index.php\/wp-json\/wp\/v2\/categories?post=1000"},{"taxonomy":"post_tag","embeddable":true,"href":"https:\/\/jsm-dillingen.de\/index.php\/wp-json\/wp\/v2\/tags?post=1000"}],"curies":[{"name":"wp","href":"https:\/\/api.w.org\/{rel}","templated":true}]}}